{"id":1783,"date":"2020-03-16T12:58:33","date_gmt":"2020-03-16T15:58:33","guid":{"rendered":"http:\/\/fgfm.com.br\/fgfm\/?p=1783"},"modified":"2020-03-16T12:59:45","modified_gmt":"2020-03-16T15:59:45","slug":"adiamento","status":"publish","type":"post","link":"http:\/\/fgfm.com.br\/fgfm\/adiamento\/","title":{"rendered":"ADIAMENTO"},"content":{"rendered":"\n<p>Prezados atletas, clubes filiados, amigos do futebol de mesa nacional.<\/p>\n\n\n\n<p>Ap\u00f3s um \u00e1rduo per\u00edodo, de mais de uma semana, em todos os turnos, caracterizado por reuni\u00f5es e debates, em respeito a in\u00fameros compromissos p\u00fablicos e privados envolvidos, anunciamos que a CBFM e as Federa\u00e7\u00f5es do ES, RJ, SC e RS decidiram pelo adiamento da Edi\u00e7\u00e3o 2020 do Centro-Sul Brasileiro, evento que ocorreria entre os dias 21\/22 de mar\u00e7o no munic\u00edpio de Caxias do Sul\/RS.<\/p>\n\n\n\n<p>Oportunamente, a nova data de realiza\u00e7\u00e3o do evento ser\u00e1 anunciada pela Confedera\u00e7\u00e3o Brasileira de Futebol de Mesa. A Sede (Caxias do Sul\/RS) e local (D&#8217;all Onder Axten Hotel) est\u00e3o mantidos, assim como as condi\u00e7\u00f5es para hospedagem dos atletas que confirmarem suas presen\u00e7as.<\/p>\n\n\n\n<p>A decis\u00e3o tem suporte nas j\u00e1 conhecidas e reiteradas recomenda\u00e7\u00f5es dos poderes p\u00fablicos e autoridades da \u00e1rea de sa\u00fade da Uni\u00e3o, de diversos Estados e, especificamente para o CS 2020, de Decreto expedido pelo Governo do Estado do Rio Grande do Sul e, ainda, pelas advert\u00eancias do Gabinete de Crise, institu\u00eddo pelo Prefeito Municipal de Caxias do Sul\/RS na \u00faltima sexta-feira, 13\/03\/2020.<\/p>\n\n\n\n<p>O cen\u00e1rio que se estabeleceu nas regi\u00f5es Sul e Sudeste do Brasil, com a confirmada dissemina\u00e7\u00e3o da COVID-19, e as perspectivas de agravamento da crise, inevitavelmente, iriam impor uma s\u00e9rie de dificuldades aos atletas participantes, absolutamente invenc\u00edveis e alheias \u00e0s suas vontades, no caso da manuten\u00e7\u00e3o do evento CS.<\/p>\n\n\n\n<p>Ademais, a decis\u00e3o de adiamento tamb\u00e9m se coaduna com a necess\u00e1ria demonstra\u00e7\u00e3o de solidariedade coletiva que nossas entidades representativas e atletas podem adotar neste momento de confirmada dissemina\u00e7\u00e3o da COVID-19 nessas regi\u00f5es do pa\u00eds. <\/p>\n\n\n\n<p>No mesmo sentido, restam suspensos e sujeitos \u00e0 remarca\u00e7\u00e3o\/confirma\u00e7\u00e3o de datas os seguintes eventos:<br>\na) AGE constante do Edital 002\/2020.<br>\nb) competi\u00e7\u00f5es oficiais previstas no Calend\u00e1rio 2020 da FGFM.<\/p>\n\n\n\n<p>Agradecemos a compreens\u00e3o, apoio e a paci\u00eancia manifestados por cada um dos Presidentes dos Clubes integrantes da Assembleia Geral da FGFM, assim como dos Presidentes de Federa\u00e7\u00e3o envolvidos, que demonstraram elevada responsabilidade e esp\u00edrito de corpo, aplacando a ansiedade geral nesse per\u00edodo, em respeito ao necess\u00e1rio tempo requerido pela tomada de decis\u00e3o oficial.<\/p>\n\n\n\n<p>Paulo Degani &#8211; Vice-presidente Regra 1 Toque &#8211; CBFM<br>Luis Lima &#8211; Presidente da FGFM<\/p>\n","protected":false},"excerpt":{"rendered":"<p>Prezados atletas, clubes filiados, amigos do futebol de mesa nacional. Ap\u00f3s um \u00e1rduo per\u00edodo, de mais de uma semana, em todos os turnos, caracterizado por reuni\u00f5es e debates, em respeito a in\u00fameros compromissos p\u00fablicos e privados envolvidos, anunciamos que a CBFM e as Federa\u00e7\u00f5es do ES, RJ, SC e RS<\/p>\n","protected":false},"author":1,"featured_media":1785,"comment_status":"closed","ping_status":"open","sticky":false,"template":"","format":"standard","meta":{"footnotes":""},"categories":[12],"tags":[],"class_list":["post-1783","post","type-post","status-publish","format-standard","has-post-thumbnail","hentry","category-noticias"],"_links":{"self":[{"href":"http:\/\/fgfm.com.br\/fgfm\/wp-json\/wp\/v2\/posts\/1783","targetHints":{"allow":["GET"]}}],"collection":[{"href":"http:\/\/fgfm.com.br\/fgfm\/wp-json\/wp\/v2\/posts"}],"about":[{"href":"http:\/\/fgfm.com.br\/fgfm\/wp-json\/wp\/v2\/types\/post"}],"author":[{"embeddable":true,"href":"http:\/\/fgfm.com.br\/fgfm\/wp-json\/wp\/v2\/users\/1"}],"replies":[{"embeddable":true,"href":"http:\/\/fgfm.com.br\/fgfm\/wp-json\/wp\/v2\/comments?post=1783"}],"version-history":[{"count":1,"href":"http:\/\/fgfm.com.br\/fgfm\/wp-json\/wp\/v2\/posts\/1783\/revisions"}],"predecessor-version":[{"id":1784,"href":"http:\/\/fgfm.com.br\/fgfm\/wp-json\/wp\/v2\/posts\/1783\/revisions\/1784"}],"wp:featuredmedia":[{"embeddable":true,"href":"http:\/\/fgfm.com.br\/fgfm\/wp-json\/wp\/v2\/media\/1785"}],"wp:attachment":[{"href":"http:\/\/fgfm.com.br\/fgfm\/wp-json\/wp\/v2\/media?parent=1783"}],"wp:term":[{"taxonomy":"category","embeddable":true,"href":"http:\/\/fgfm.com.br\/fgfm\/wp-json\/wp\/v2\/categories?post=1783"},{"taxonomy":"post_tag","embeddable":true,"href":"http:\/\/fgfm.com.br\/fgfm\/wp-json\/wp\/v2\/tags?post=1783"}],"curies":[{"name":"wp","href":"https:\/\/api.w.org\/{rel}","templated":true}]}}