{"id":1793,"date":"2020-03-23T15:08:18","date_gmt":"2020-03-23T18:08:18","guid":{"rendered":"http:\/\/fgfm.com.br\/fgfm\/?p=1793"},"modified":"2020-03-23T15:08:18","modified_gmt":"2020-03-23T18:08:18","slug":"eventos-cancelados","status":"publish","type":"post","link":"http:\/\/fgfm.com.br\/fgfm\/eventos-cancelados\/","title":{"rendered":"EVENTOS CANCELADOS"},"content":{"rendered":"\n<p>A\n Confedera\u00e7\u00e3o Brasileira de Futebol de Mesa (CBFM), demonstrando seu \nmaior apoio as orienta\u00e7\u00f5es do Minist\u00e9rio da Sa\u00fade, determina o \ncancelamento do eventos abaixo:<\/p>\n\n\n\n<p> COPA DO BRASIL &#8211; 01 Toque &#8211; Cavado<br> 01 a 03 de maio &#8211; Porto Alegre\/RS<\/p>\n\n\n\n<p> COPA DO BRASIL &#8211; 01 Toque &#8211; Liso<br> 11 a 14 de junho &#8211; Rio de Janeiro\/RJ<\/p>\n\n\n\n<p>A Confedera\u00e7\u00e3o j\u00e1 comunicou as Federa\u00e7\u00f5es envolvidas e os clubes organizadores.<\/p>\n\n\n\n<p>A CBFM continuar\u00e1 acompanhando o cen\u00e1rio nacional  junto ao Minist\u00e9rio  da Sa\u00fade, cujas orienta\u00e7\u00f5es continuar\u00e3o balizando as decis\u00f5es da  entidade.<\/p>\n\n\n\n<p> <a href=\"https:\/\/www.facebook.com\/hashtag\/fiqueemcasa?source=feed_text&amp;epa=HASHTAG&amp;__xts__%5B0%5D=68.ARBGpTSvc_pXwNrhj6kSs_hA58xkgxrihG-T7Gb6FlQNbzZjFcCePcbX8Lwg3a3Y4LQ6_phwW_jo3rgHetfVCJVmID00o9KVte6VYHWGwNVwob9zuE9vwEkGzpiZriP6PBjKMEO_MXzGrSEb-IA89MUnFZ6bo35RZ6rGKKS1k8CcFAYK_qtUJCHtFPiC8kPj_gUU3HrxnFL3mvb9drPvS4OVjWH5Yr3tEE-QXQPtSmt_KNucMmwZ3PkVJa3EmflOpeuNoBcmayqzsPNFdp19fvMvFERpa9cAPrAG7wu5-c34oGjjlKOtetO_wo7Zoag9W5EiiO8_7um-Vbx3K1Yi9PR4yg&amp;__tn__=%2ANK-R\">#fiqueemcasa<\/a><\/p>\n\n\n\n<p> Paulo Degani<br> Vice-Presidente<br> Regra 01 Toque<\/p>\n","protected":false},"excerpt":{"rendered":"<p>A Confedera\u00e7\u00e3o Brasileira de Futebol de Mesa (CBFM), demonstrando seu maior apoio as orienta\u00e7\u00f5es do Minist\u00e9rio da Sa\u00fade, determina o cancelamento do eventos abaixo: COPA DO BRASIL &#8211; 01 Toque &#8211; Cavado 01 a 03 de maio &#8211; Porto Alegre\/RS COPA DO BRASIL &#8211; 01 Toque &#8211; Liso 11 a<\/p>\n","protected":false},"author":1,"featured_media":1794,"comment_status":"closed","ping_status":"open","sticky":false,"template":"","format":"standard","meta":{"footnotes":""},"categories":[12],"tags":[],"class_list":["post-1793","post","type-post","status-publish","format-standard","has-post-thumbnail","hentry","category-noticias"],"_links":{"self":[{"href":"http:\/\/fgfm.com.br\/fgfm\/wp-json\/wp\/v2\/posts\/1793","targetHints":{"allow":["GET"]}}],"collection":[{"href":"http:\/\/fgfm.com.br\/fgfm\/wp-json\/wp\/v2\/posts"}],"about":[{"href":"http:\/\/fgfm.com.br\/fgfm\/wp-json\/wp\/v2\/types\/post"}],"author":[{"embeddable":true,"href":"http:\/\/fgfm.com.br\/fgfm\/wp-json\/wp\/v2\/users\/1"}],"replies":[{"embeddable":true,"href":"http:\/\/fgfm.com.br\/fgfm\/wp-json\/wp\/v2\/comments?post=1793"}],"version-history":[{"count":1,"href":"http:\/\/fgfm.com.br\/fgfm\/wp-json\/wp\/v2\/posts\/1793\/revisions"}],"predecessor-version":[{"id":1795,"href":"http:\/\/fgfm.com.br\/fgfm\/wp-json\/wp\/v2\/posts\/1793\/revisions\/1795"}],"wp:featuredmedia":[{"embeddable":true,"href":"http:\/\/fgfm.com.br\/fgfm\/wp-json\/wp\/v2\/media\/1794"}],"wp:attachment":[{"href":"http:\/\/fgfm.com.br\/fgfm\/wp-json\/wp\/v2\/media?parent=1793"}],"wp:term":[{"taxonomy":"category","embeddable":true,"href":"http:\/\/fgfm.com.br\/fgfm\/wp-json\/wp\/v2\/categories?post=1793"},{"taxonomy":"post_tag","embeddable":true,"href":"http:\/\/fgfm.com.br\/fgfm\/wp-json\/wp\/v2\/tags?post=1793"}],"curies":[{"name":"wp","href":"https:\/\/api.w.org\/{rel}","templated":true}]}}